{"id":2394,"date":"2020-12-15T10:21:35","date_gmt":"2020-12-15T09:21:35","guid":{"rendered":"http:\/\/firsthandfilms.ch\/?p=2394"},"modified":"2022-07-05T14:33:47","modified_gmt":"2022-07-05T12:33:47","slug":"die-pazifistin-gertrud-wocker-eine-vergessene-heldin","status":"publish","type":"post","link":"https:\/\/firsthandfilms.ch\/fr\/die-pazifistin-gertrud-wocker-eine-vergessene-heldin\/","title":{"rendered":"La Pacifiste \u2013 Gertrud Woker: Une h\u00e9ro\u00efne oubli\u00e9e"},"content":{"rendered":"<strong>Injustement effac\u00e9 de la m\u00e9moire historique : Gertrud Woker a \u00e9t\u00e9 l&rsquo;une des premi\u00e8res femmes professeurs d&rsquo;Europe \u00e0 plaider sans rel\u00e2che en faveur des droits des femmes et de la paix.<span class=\"Apple-converted-space\">\u00a0<\/span><\/strong><\/p>\n<p>Au m\u00e9pris de la discrimination sexuelle et de l&rsquo;esprit de guerre, elle a d\u00e9fi\u00e9 les conventions de son \u00e9poque et est devenue une source d&rsquo;inspiration pour les femmes autod\u00e9termin\u00e9es, \u00e0 l&rsquo;\u00e9poque comme aujourd&rsquo;hui. \u00ab\u00a0A travail \u00e9gal, salaire \u00e9gal\u00a0\u00bb, Gertrud Woker a r\u00e9clam\u00e9 d\u00e8s 1917 l&rsquo;\u00e9galit\u00e9 des droits pour les femmes. Elle a \u00e9t\u00e9 une pionni\u00e8re du mouvement pour la paix et les femmes et l&rsquo;une des premi\u00e8res femmes professeurs en Europe. Par ses recherches et ses critiques sur l&rsquo;utilisation des gaz toxiques, la scientifique naturelle est rapidement entr\u00e9e en conflit avec l&rsquo;\u00e9lite \u00e0 motivation militaire. N\u00e9anmoins, elle s&rsquo;est battue sans rel\u00e2che jusqu&rsquo;\u00e0 un \u00e2ge avanc\u00e9 pour la paix et la justice ainsi que contre l&rsquo;utilisation abusive de la science. Qualifi\u00e9e de malade mentale, la pacifiste a finalement pass\u00e9 les derni\u00e8res ann\u00e9es de sa vie dans une psychiatrie. Ainsi, injustement, mais peut-\u00eatre pas accidentellement, elle a disparu de la m\u00e9moire historique.<span class=\"Apple-converted-space\">\u00a0<\/span><\/p>\n<p>Le documentaire d&rsquo;animation LA PACIFISTE raconte la vie et les accomplissements de cette femme fascinante \u00e0 la mani\u00e8re d&rsquo;un collage. \u00c0 travers les entr\u00e9es du journal intime, les rapports scientifiques et les po\u00e8mes de Gertrud Woker elle-m\u00eame, le film est touchant par sa proximit\u00e9 et son honn\u00eatet\u00e9. LA PACIFISTE est \u00e0 la fois une biographie et une documentation sur les \u00e9v\u00e9nements de l&rsquo;\u00e9poque, qu&rsquo;elle \u00e9claire du point de vue d&rsquo;une femme courageuse qui n&rsquo;a pu \u00eatre r\u00e9duite au silence de son vivant.<\/p>\n<p><strong>Partenaire officiels de la promotion<br \/>\n<\/strong><a href=\"https:\/\/de.alliancef.ch\">alliance F<\/a><br \/>\n<a href=\"https:\/\/frauenarchivostschweiz.ch\">Archiv f\u00fcr Frauen-, Geschlechter- und Sozialgeschichte Ostschweiz<\/a><strong><br \/>\n<\/strong><a href=\"https:\/\/bpw.ch\/de\/Home\">BPW Business and Professional Women Switzerland<\/a><br \/>\n<a href=\"https:\/\/www.cfd-ch.org\">Christlicher Friedensdienst cdd<\/a><br \/>\n<a href=\"https:\/\/www.fembit.ch\/frauen-veranstaltungen\/index.html\">Fembit<\/a><br \/>\n<a href=\"https:\/\/www.frauenplatz-biel.ch\">Frauenplatz Biel<\/a><br \/>\n<a href=\"https:\/\/frauenrundgang.ch\/site\/\">Frauenstadtrundgang Winterthur<\/a><br \/>\n<a href=\"https:\/\/www.gosteli-foundation.ch\/de\">Gosteli Stiftung<\/a><br \/>\n<a href=\"https:\/\/www.horizonte-magazin.ch\">Horizonte &#8211; Das Schweizer Forschungsmagazin<\/a><br \/>\n<a href=\"http:\/\/www.frauenbund-basel.ch\">KFB Katholischer Frauenbund Basel-Stadt<\/a><br \/>\n<a href=\"https:\/\/www.neuewege.ch\/die-vergessene-heldin-gertrud-woker\" target=\"_blank\" rel=\"noopener\">Neue Wege<\/a><br \/>\n<a href=\"http:\/\/ref-bielbienne.ch\/home.html\">Reformierte Gesamtkirchgemeinde Biel<\/a><br \/>\n<a href=\"https:\/\/www.frauenrechtebeiderbasel.ch\/home\/schweizerischer-verband-f\u00fcr-frauenrechte\/\">Schweizerischer Verband f\u00fcr Frauenrechte<\/a><br \/>\n<a href=\"https:\/\/www.stiftung-frauenarbeit.ch\/index.php\/de\/\">Stiftung f\u00fcr Erforschung der Frauenarbeit<\/a><br \/>\n<a href=\"http:\/\/www.akademikerinnen.ch\">SVA Schweizerischer Verband der Akademikerinnen<\/a><br \/>\n<a href=\"http:\/\/frauenarchiv.ch\/aktuelles\/\">Thurgauer Frauenarchiv<\/a><br \/>\n<a href=\"https:\/\/www.unibe.ch\">Universit\u00e4t Bern<\/a><br \/>\n<a href=\"https:\/\/www.wilpf.org\">WILPF Women&rsquo;s International League for Peace and Freedom International<\/a><br \/>\n<a href=\"https:\/\/www.wilpfschweiz.ch\">WILPF Women&rsquo;s International League for Peace and Freedom Schweiz<\/a><br \/>\n<a href=\"https:\/\/www.womenmatters.ch\">womenmatter\/s<\/a><br \/>\n<a href=\"http:\/\/www.zonta.ch\">Zonta<\/a>","protected":false},"excerpt":{"rendered":"<p>Injustement effac\u00e9 de la m\u00e9moire historique : Gertrud Woker a \u00e9t\u00e9 l&rsquo;une des premi\u00e8res femmes professeurs d&rsquo;Europe \u00e0 plaider sans rel\u00e2che en faveur des droits des femmes et de la paix.\u00a0 Au m\u00e9pris de la discrimination sexuelle et de l&rsquo;esprit de guerre, elle a d\u00e9fi\u00e9 les conventions de son \u00e9poque et est devenue une source&#8230;<\/p>\n","protected":false},"author":2,"featured_media":2446,"comment_status":"closed","ping_status":"closed","sticky":false,"template":"","format":"standard","meta":{"_acf_changed":false,"footnotes":""},"categories":[22,26,23],"tags":[],"class_list":["post-2394","post","type-post","status-publish","format-standard","has-post-thumbnail","hentry","category-all-films","category-currently-for-school-and-special-demonstrations","category-vod"],"acf":{"photo_gallery":{"gallery":[[{"id":2461,"title":"Woker Portrait mit Vogel","caption":"","full_image_url":"https:\/\/firsthandfilms.ch\/wp-content\/uploads\/2020\/12\/Woker-Portrait-mit-Vogel.jpg","thumbnail_image_url":"https:\/\/firsthandfilms.ch\/wp-content\/uploads\/2020\/12\/Woker-Portrait-mit-Vogel-150x150.jpg","large_srcset":"https:\/\/firsthandfilms.ch\/wp-content\/uploads\/2020\/12\/Woker-Portrait-mit-Vogel-1024x576.jpg 1024w, https:\/\/firsthandfilms.ch\/wp-content\/uploads\/2020\/12\/Woker-Portrait-mit-Vogel-300x169.jpg 300w, https:\/\/firsthandfilms.ch\/wp-content\/uploads\/2020\/12\/Woker-Portrait-mit-Vogel-768x432.jpg 768w, https:\/\/firsthandfilms.ch\/wp-content\/uploads\/2020\/12\/Woker-Portrait-mit-Vogel-1536x864.jpg 1536w, https:\/\/firsthandfilms.ch\/wp-content\/uploads\/2020\/12\/Woker-Portrait-mit-Vogel.jpg 1920w","medium_srcset":"https:\/\/firsthandfilms.ch\/wp-content\/uploads\/2020\/12\/Woker-Portrait-mit-Vogel-300x169.jpg 300w, https:\/\/firsthandfilms.ch\/wp-content\/uploads\/2020\/12\/Woker-Portrait-mit-Vogel-1024x576.jpg 1024w, https:\/\/firsthandfilms.ch\/wp-content\/uploads\/2020\/12\/Woker-Portrait-mit-Vogel-768x432.jpg 768w, https:\/\/firsthandfilms.ch\/wp-content\/uploads\/2020\/12\/Woker-Portrait-mit-Vogel-1536x864.jpg 1536w, https:\/\/firsthandfilms.ch\/wp-content\/uploads\/2020\/12\/Woker-Portrait-mit-Vogel.jpg 1920w","media_details":{"width":1920,"height":1080,"sizes":{"medium":{"file":"Woker-Portrait-mit-Vogel-300x169.jpg","width":300,"height":169,"mime-type":"image\/jpeg","source_url":"https:\/\/firsthandfilms.ch\/wp-content\/uploads\/2020\/12\/Woker-Portrait-mit-Vogel-300x169.jpg"},"large":{"file":"Woker-Portrait-mit-Vogel-1024x576.jpg","width":1024,"height":576,"mime-type":"image\/jpeg","source_url":"https:\/\/firsthandfilms.ch\/wp-content\/uploads\/2020\/12\/Woker-Portrait-mit-Vogel-1024x576.jpg"},"thumbnail":{"file":"Woker-Portrait-mit-Vogel-150x150.jpg","width":150,"height":150,"mime-type":"image\/jpeg","source_url":"https:\/\/firsthandfilms.ch\/wp-content\/uploads\/2020\/12\/Woker-Portrait-mit-Vogel-150x150.jpg"},"medium_large":{"file":"Woker-Portrait-mit-Vogel-768x432.jpg","width":768,"height":432,"mime-type":"image\/jpeg","source_url":"https:\/\/firsthandfilms.ch\/wp-content\/uploads\/2020\/12\/Woker-Portrait-mit-Vogel-768x432.jpg"},"1536x1536":{"file":"Woker-Portrait-mit-Vogel-1536x864.jpg","width":1536,"height":864,"mime-type":"image\/jpeg","source_url":"https:\/\/firsthandfilms.ch\/wp-content\/uploads\/2020\/12\/Woker-Portrait-mit-Vogel-1536x864.jpg"},"blog-header":{"file":"Woker-Portrait-mit-Vogel-900x300.jpg","width":900,"height":300,"mime-type":"image\/jpeg","source_url":"https:\/\/firsthandfilms.ch\/wp-content\/uploads\/2020\/12\/Woker-Portrait-mit-Vogel-900x300.jpg"},"portfolio-thumbnail":{"file":"Woker-Portrait-mit-Vogel-560x450.jpg","width":560,"height":450,"mime-type":"image\/jpeg","source_url":"https:\/\/firsthandfilms.ch\/wp-content\/uploads\/2020\/12\/Woker-Portrait-mit-Vogel-560x450.jpg"},"blog-thumbnail":{"file":"Woker-Portrait-mit-Vogel-480x300.jpg","width":480,"height":300,"mime-type":"image\/jpeg","source_url":"https:\/\/firsthandfilms.ch\/wp-content\/uploads\/2020\/12\/Woker-Portrait-mit-Vogel-480x300.jpg"},"team-thumbnail":{"file":"Woker-Portrait-mit-Vogel-380x380.jpg","width":380,"height":380,"mime-type":"image\/jpeg","source_url":"https:\/\/firsthandfilms.ch\/wp-content\/uploads\/2020\/12\/Woker-Portrait-mit-Vogel-380x380.jpg"},"wp_social_preview_default":{"file":"Woker-Portrait-mit-Vogel-1200x630.jpg","width":1200,"height":630,"mime-type":"image\/jpeg","source_url":"https:\/\/firsthandfilms.ch\/wp-content\/uploads\/2020\/12\/Woker-Portrait-mit-Vogel-1200x630.jpg"},"wp_social_preview_twitter":{"file":"Woker-Portrait-mit-Vogel-1200x600.jpg","width":1200,"height":600,"mime-type":"image\/jpeg","source_url":"https:\/\/firsthandfilms.ch\/wp-content\/uploads\/2020\/12\/Woker-Portrait-mit-Vogel-1200x600.jpg"},"wp_social_preview_twitter_square":{"file":"Woker-Portrait-mit-Vogel-600x600.jpg","width":600,"height":600,"mime-type":"image\/jpeg","source_url":"https:\/\/firsthandfilms.ch\/wp-content\/uploads\/2020\/12\/Woker-Portrait-mit-Vogel-600x600.jpg"}}},"alt_text":"","url":"","target":""},{"id":2460,"title":"Wissenschaft","caption":"","full_image_url":"https:\/\/firsthandfilms.ch\/wp-content\/uploads\/2020\/12\/Wissenschaft.jpg","thumbnail_image_url":"https:\/\/firsthandfilms.ch\/wp-content\/uploads\/2020\/12\/Wissenschaft-150x150.jpg","large_srcset":"https:\/\/firsthandfilms.ch\/wp-content\/uploads\/2020\/12\/Wissenschaft-1024x576.jpg 1024w, https:\/\/firsthandfilms.ch\/wp-content\/uploads\/2020\/12\/Wissenschaft-300x169.jpg 300w, https:\/\/firsthandfilms.ch\/wp-content\/uploads\/2020\/12\/Wissenschaft-768x432.jpg 768w, https:\/\/firsthandfilms.ch\/wp-content\/uploads\/2020\/12\/Wissenschaft-1536x864.jpg 1536w, https:\/\/firsthandfilms.ch\/wp-content\/uploads\/2020\/12\/Wissenschaft.jpg 1920w","medium_srcset":"https:\/\/firsthandfilms.ch\/wp-content\/uploads\/2020\/12\/Wissenschaft-300x169.jpg 300w, https:\/\/firsthandfilms.ch\/wp-content\/uploads\/2020\/12\/Wissenschaft-1024x576.jpg 1024w, https:\/\/firsthandfilms.ch\/wp-content\/uploads\/2020\/12\/Wissenschaft-768x432.jpg 768w, https:\/\/firsthandfilms.ch\/wp-content\/uploads\/2020\/12\/Wissenschaft-1536x864.jpg 1536w, https:\/\/firsthandfilms.ch\/wp-content\/uploads\/2020\/12\/Wissenschaft.jpg 1920w","media_details":{"width":1920,"height":1080,"sizes":{"medium":{"file":"Wissenschaft-300x169.jpg","width":300,"height":169,"mime-type":"image\/jpeg","source_url":"https:\/\/firsthandfilms.ch\/wp-content\/uploads\/2020\/12\/Wissenschaft-300x169.jpg"},"large":{"file":"Wissenschaft-1024x576.jpg","width":1024,"height":576,"mime-type":"image\/jpeg","source_url":"https:\/\/firsthandfilms.ch\/wp-content\/uploads\/2020\/12\/Wissenschaft-1024x576.jpg"},"thumbnail":{"file":"Wissenschaft-150x150.jpg","width":150,"height":150,"mime-type":"image\/jpeg","source_url":"https:\/\/firsthandfilms.ch\/wp-content\/uploads\/2020\/12\/Wissenschaft-150x150.jpg"},"medium_large":{"file":"Wissenschaft-768x432.jpg","width":768,"height":432,"mime-type":"image\/jpeg","source_url":"https:\/\/firsthandfilms.ch\/wp-content\/uploads\/2020\/12\/Wissenschaft-768x432.jpg"},"1536x1536":{"file":"Wissenschaft-1536x864.jpg","width":1536,"height":864,"mime-type":"image\/jpeg","source_url":"https:\/\/firsthandfilms.ch\/wp-content\/uploads\/2020\/12\/Wissenschaft-1536x864.jpg"},"blog-header":{"file":"Wissenschaft-900x300.jpg","width":900,"height":300,"mime-type":"image\/jpeg","source_url":"https:\/\/firsthandfilms.ch\/wp-content\/uploads\/2020\/12\/Wissenschaft-900x300.jpg"},"portfolio-thumbnail":{"file":"Wissenschaft-560x450.jpg","width":560,"height":450,"mime-type":"image\/jpeg","source_url":"https:\/\/firsthandfilms.ch\/wp-content\/uploads\/2020\/12\/Wissenschaft-560x450.jpg"},"blog-thumbnail":{"file":"Wissenschaft-480x300.jpg","width":480,"height":300,"mime-type":"image\/jpeg","source_url":"https:\/\/firsthandfilms.ch\/wp-content\/uploads\/2020\/12\/Wissenschaft-480x300.jpg"},"team-thumbnail":{"file":"Wissenschaft-380x380.jpg","width":380,"height":380,"mime-type":"image\/jpeg","source_url":"https:\/\/firsthandfilms.ch\/wp-content\/uploads\/2020\/12\/Wissenschaft-380x380.jpg"},"wp_social_preview_default":{"file":"Wissenschaft-1200x630.jpg","width":1200,"height":630,"mime-type":"image\/jpeg","source_url":"https:\/\/firsthandfilms.ch\/wp-content\/uploads\/2020\/12\/Wissenschaft-1200x630.jpg"},"wp_social_preview_twitter":{"file":"Wissenschaft-1200x600.jpg","width":1200,"height":600,"mime-type":"image\/jpeg","source_url":"https:\/\/firsthandfilms.ch\/wp-content\/uploads\/2020\/12\/Wissenschaft-1200x600.jpg"},"wp_social_preview_twitter_square":{"file":"Wissenschaft-600x600.jpg","width":600,"height":600,"mime-type":"image\/jpeg","source_url":"https:\/\/firsthandfilms.ch\/wp-content\/uploads\/2020\/12\/Wissenschaft-600x600.jpg"}}},"alt_text":"","url":"","target":""},{"id":2459,"title":"Frauenliga in New York","caption":"","full_image_url":"https:\/\/firsthandfilms.ch\/wp-content\/uploads\/2020\/12\/Frauenliga-in-New-York.jpg","thumbnail_image_url":"https:\/\/firsthandfilms.ch\/wp-content\/uploads\/2020\/12\/Frauenliga-in-New-York-150x150.jpg","large_srcset":"https:\/\/firsthandfilms.ch\/wp-content\/uploads\/2020\/12\/Frauenliga-in-New-York-1024x576.jpg 1024w, https:\/\/firsthandfilms.ch\/wp-content\/uploads\/2020\/12\/Frauenliga-in-New-York-300x169.jpg 300w, https:\/\/firsthandfilms.ch\/wp-content\/uploads\/2020\/12\/Frauenliga-in-New-York-768x432.jpg 768w, https:\/\/firsthandfilms.ch\/wp-content\/uploads\/2020\/12\/Frauenliga-in-New-York-1536x864.jpg 1536w, https:\/\/firsthandfilms.ch\/wp-content\/uploads\/2020\/12\/Frauenliga-in-New-York.jpg 1920w","medium_srcset":"https:\/\/firsthandfilms.ch\/wp-content\/uploads\/2020\/12\/Frauenliga-in-New-York-300x169.jpg 300w, https:\/\/firsthandfilms.ch\/wp-content\/uploads\/2020\/12\/Frauenliga-in-New-York-1024x576.jpg 1024w, https:\/\/firsthandfilms.ch\/wp-content\/uploads\/2020\/12\/Frauenliga-in-New-York-768x432.jpg 768w, https:\/\/firsthandfilms.ch\/wp-content\/uploads\/2020\/12\/Frauenliga-in-New-York-1536x864.jpg 1536w, https:\/\/firsthandfilms.ch\/wp-content\/uploads\/2020\/12\/Frauenliga-in-New-York.jpg 1920w","media_details":{"width":1920,"height":1080,"sizes":{"medium":{"file":"Frauenliga-in-New-York-300x169.jpg","width":300,"height":169,"mime-type":"image\/jpeg","source_url":"https:\/\/firsthandfilms.ch\/wp-content\/uploads\/2020\/12\/Frauenliga-in-New-York-300x169.jpg"},"large":{"file":"Frauenliga-in-New-York-1024x576.jpg","width":1024,"height":576,"mime-type":"image\/jpeg","source_url":"https:\/\/firsthandfilms.ch\/wp-content\/uploads\/2020\/12\/Frauenliga-in-New-York-1024x576.jpg"},"thumbnail":{"file":"Frauenliga-in-New-York-150x150.jpg","width":150,"height":150,"mime-type":"image\/jpeg","source_url":"https:\/\/firsthandfilms.ch\/wp-content\/uploads\/2020\/12\/Frauenliga-in-New-York-150x150.jpg"},"medium_large":{"file":"Frauenliga-in-New-York-768x432.jpg","width":768,"height":432,"mime-type":"image\/jpeg","source_url":"https:\/\/firsthandfilms.ch\/wp-content\/uploads\/2020\/12\/Frauenliga-in-New-York-768x432.jpg"},"1536x1536":{"file":"Frauenliga-in-New-York-1536x864.jpg","width":1536,"height":864,"mime-type":"image\/jpeg","source_url":"https:\/\/firsthandfilms.ch\/wp-content\/uploads\/2020\/12\/Frauenliga-in-New-York-1536x864.jpg"},"blog-header":{"file":"Frauenliga-in-New-York-900x300.jpg","width":900,"height":300,"mime-type":"image\/jpeg","source_url":"https:\/\/firsthandfilms.ch\/wp-content\/uploads\/2020\/12\/Frauenliga-in-New-York-900x300.jpg"},"portfolio-thumbnail":{"file":"Frauenliga-in-New-York-560x450.jpg","width":560,"height":450,"mime-type":"image\/jpeg","source_url":"https:\/\/firsthandfilms.ch\/wp-content\/uploads\/2020\/12\/Frauenliga-in-New-York-560x450.jpg"},"blog-thumbnail":{"file":"Frauenliga-in-New-York-480x300.jpg","width":480,"height":300,"mime-type":"image\/jpeg","source_url":"https:\/\/firsthandfilms.ch\/wp-content\/uploads\/2020\/12\/Frauenliga-in-New-York-480x300.jpg"},"team-thumbnail":{"file":"Frauenliga-in-New-York-380x380.jpg","width":380,"height":380,"mime-type":"image\/jpeg","source_url":"https:\/\/firsthandfilms.ch\/wp-content\/uploads\/2020\/12\/Frauenliga-in-New-York-380x380.jpg"},"wp_social_preview_default":{"file":"Frauenliga-in-New-York-1200x630.jpg","width":1200,"height":630,"mime-type":"image\/jpeg","source_url":"https:\/\/firsthandfilms.ch\/wp-content\/uploads\/2020\/12\/Frauenliga-in-New-York-1200x630.jpg"},"wp_social_preview_twitter":{"file":"Frauenliga-in-New-York-1200x600.jpg","width":1200,"height":600,"mime-type":"image\/jpeg","source_url":"https:\/\/firsthandfilms.ch\/wp-content\/uploads\/2020\/12\/Frauenliga-in-New-York-1200x600.jpg"},"wp_social_preview_twitter_square":{"file":"Frauenliga-in-New-York-600x600.jpg","width":600,"height":600,"mime-type":"image\/jpeg","source_url":"https:\/\/firsthandfilms.ch\/wp-content\/uploads\/2020\/12\/Frauenliga-in-New-York-600x600.jpg"}}},"alt_text":"","url":"","target":""},{"id":2458,"title":"Die Pazifistin - Wildes Kind","caption":"","full_image_url":"https:\/\/firsthandfilms.ch\/wp-content\/uploads\/2020\/12\/Die-Pazifistin-Wildes-Kind.jpg","thumbnail_image_url":"https:\/\/firsthandfilms.ch\/wp-content\/uploads\/2020\/12\/Die-Pazifistin-Wildes-Kind-150x150.jpg","large_srcset":"https:\/\/firsthandfilms.ch\/wp-content\/uploads\/2020\/12\/Die-Pazifistin-Wildes-Kind-1024x576.jpg 1024w, https:\/\/firsthandfilms.ch\/wp-content\/uploads\/2020\/12\/Die-Pazifistin-Wildes-Kind-300x169.jpg 300w, https:\/\/firsthandfilms.ch\/wp-content\/uploads\/2020\/12\/Die-Pazifistin-Wildes-Kind-768x432.jpg 768w, https:\/\/firsthandfilms.ch\/wp-content\/uploads\/2020\/12\/Die-Pazifistin-Wildes-Kind-1536x864.jpg 1536w, https:\/\/firsthandfilms.ch\/wp-content\/uploads\/2020\/12\/Die-Pazifistin-Wildes-Kind.jpg 1920w","medium_srcset":"https:\/\/firsthandfilms.ch\/wp-content\/uploads\/2020\/12\/Die-Pazifistin-Wildes-Kind-300x169.jpg 300w, https:\/\/firsthandfilms.ch\/wp-content\/uploads\/2020\/12\/Die-Pazifistin-Wildes-Kind-1024x576.jpg 1024w, https:\/\/firsthandfilms.ch\/wp-content\/uploads\/2020\/12\/Die-Pazifistin-Wildes-Kind-768x432.jpg 768w, https:\/\/firsthandfilms.ch\/wp-content\/uploads\/2020\/12\/Die-Pazifistin-Wildes-Kind-1536x864.jpg 1536w, https:\/\/firsthandfilms.ch\/wp-content\/uploads\/2020\/12\/Die-Pazifistin-Wildes-Kind.jpg 1920w","media_details":{"width":1920,"height":1080,"sizes":{"medium":{"file":"Die-Pazifistin-Wildes-Kind-300x169.jpg","width":300,"height":169,"mime-type":"image\/jpeg","source_url":"https:\/\/firsthandfilms.ch\/wp-content\/uploads\/2020\/12\/Die-Pazifistin-Wildes-Kind-300x169.jpg"},"large":{"file":"Die-Pazifistin-Wildes-Kind-1024x576.jpg","width":1024,"height":576,"mime-type":"image\/jpeg","source_url":"https:\/\/firsthandfilms.ch\/wp-content\/uploads\/2020\/12\/Die-Pazifistin-Wildes-Kind-1024x576.jpg"},"thumbnail":{"file":"Die-Pazifistin-Wildes-Kind-150x150.jpg","width":150,"height":150,"mime-type":"image\/jpeg","source_url":"https:\/\/firsthandfilms.ch\/wp-content\/uploads\/2020\/12\/Die-Pazifistin-Wildes-Kind-150x150.jpg"},"medium_large":{"file":"Die-Pazifistin-Wildes-Kind-768x432.jpg","width":768,"height":432,"mime-type":"image\/jpeg","source_url":"https:\/\/firsthandfilms.ch\/wp-content\/uploads\/2020\/12\/Die-Pazifistin-Wildes-Kind-768x432.jpg"},"1536x1536":{"file":"Die-Pazifistin-Wildes-Kind-1536x864.jpg","width":1536,"height":864,"mime-type":"image\/jpeg","source_url":"https:\/\/firsthandfilms.ch\/wp-content\/uploads\/2020\/12\/Die-Pazifistin-Wildes-Kind-1536x864.jpg"},"blog-header":{"file":"Die-Pazifistin-Wildes-Kind-900x300.jpg","width":900,"height":300,"mime-type":"image\/jpeg","source_url":"https:\/\/firsthandfilms.ch\/wp-content\/uploads\/2020\/12\/Die-Pazifistin-Wildes-Kind-900x300.jpg"},"portfolio-thumbnail":{"file":"Die-Pazifistin-Wildes-Kind-560x450.jpg","width":560,"height":450,"mime-type":"image\/jpeg","source_url":"https:\/\/firsthandfilms.ch\/wp-content\/uploads\/2020\/12\/Die-Pazifistin-Wildes-Kind-560x450.jpg"},"blog-thumbnail":{"file":"Die-Pazifistin-Wildes-Kind-480x300.jpg","width":480,"height":300,"mime-type":"image\/jpeg","source_url":"https:\/\/firsthandfilms.ch\/wp-content\/uploads\/2020\/12\/Die-Pazifistin-Wildes-Kind-480x300.jpg"},"team-thumbnail":{"file":"Die-Pazifistin-Wildes-Kind-380x380.jpg","width":380,"height":380,"mime-type":"image\/jpeg","source_url":"https:\/\/firsthandfilms.ch\/wp-content\/uploads\/2020\/12\/Die-Pazifistin-Wildes-Kind-380x380.jpg"},"wp_social_preview_default":{"file":"Die-Pazifistin-Wildes-Kind-1200x630.jpg","width":1200,"height":630,"mime-type":"image\/jpeg","source_url":"https:\/\/firsthandfilms.ch\/wp-content\/uploads\/2020\/12\/Die-Pazifistin-Wildes-Kind-1200x630.jpg"},"wp_social_preview_twitter":{"file":"Die-Pazifistin-Wildes-Kind-1200x600.jpg","width":1200,"height":600,"mime-type":"image\/jpeg","source_url":"https:\/\/firsthandfilms.ch\/wp-content\/uploads\/2020\/12\/Die-Pazifistin-Wildes-Kind-1200x600.jpg"},"wp_social_preview_twitter_square":{"file":"Die-Pazifistin-Wildes-Kind-600x600.jpg","width":600,"height":600,"mime-type":"image\/jpeg","source_url":"https:\/\/firsthandfilms.ch\/wp-content\/uploads\/2020\/12\/Die-Pazifistin-Wildes-Kind-600x600.jpg"}}},"alt_text":"","url":"","target":""},{"id":2457,"title":"Die Pazifistin - Franziska Spurensuche","caption":"","full_image_url":"https:\/\/firsthandfilms.ch\/wp-content\/uploads\/2020\/12\/Die-Pazifistin-Franziska-Spurensuche.jpg","thumbnail_image_url":"https:\/\/firsthandfilms.ch\/wp-content\/uploads\/2020\/12\/Die-Pazifistin-Franziska-Spurensuche-150x150.jpg","large_srcset":"https:\/\/firsthandfilms.ch\/wp-content\/uploads\/2020\/12\/Die-Pazifistin-Franziska-Spurensuche-1024x576.jpg 1024w, https:\/\/firsthandfilms.ch\/wp-content\/uploads\/2020\/12\/Die-Pazifistin-Franziska-Spurensuche-300x169.jpg 300w, https:\/\/firsthandfilms.ch\/wp-content\/uploads\/2020\/12\/Die-Pazifistin-Franziska-Spurensuche-768x432.jpg 768w, https:\/\/firsthandfilms.ch\/wp-content\/uploads\/2020\/12\/Die-Pazifistin-Franziska-Spurensuche-1536x864.jpg 1536w, https:\/\/firsthandfilms.ch\/wp-content\/uploads\/2020\/12\/Die-Pazifistin-Franziska-Spurensuche.jpg 1920w","medium_srcset":"https:\/\/firsthandfilms.ch\/wp-content\/uploads\/2020\/12\/Die-Pazifistin-Franziska-Spurensuche-300x169.jpg 300w, https:\/\/firsthandfilms.ch\/wp-content\/uploads\/2020\/12\/Die-Pazifistin-Franziska-Spurensuche-1024x576.jpg 1024w, https:\/\/firsthandfilms.ch\/wp-content\/uploads\/2020\/12\/Die-Pazifistin-Franziska-Spurensuche-768x432.jpg 768w, https:\/\/firsthandfilms.ch\/wp-content\/uploads\/2020\/12\/Die-Pazifistin-Franziska-Spurensuche-1536x864.jpg 1536w, https:\/\/firsthandfilms.ch\/wp-content\/uploads\/2020\/12\/Die-Pazifistin-Franziska-Spurensuche.jpg 1920w","media_details":{"width":1920,"height":1080,"sizes":{"medium":{"file":"Die-Pazifistin-Franziska-Spurensuche-300x169.jpg","width":300,"height":169,"mime-type":"image\/jpeg","source_url":"https:\/\/firsthandfilms.ch\/wp-content\/uploads\/2020\/12\/Die-Pazifistin-Franziska-Spurensuche-300x169.jpg"},"large":{"file":"Die-Pazifistin-Franziska-Spurensuche-1024x576.jpg","width":1024,"height":576,"mime-type":"image\/jpeg","source_url":"https:\/\/firsthandfilms.ch\/wp-content\/uploads\/2020\/12\/Die-Pazifistin-Franziska-Spurensuche-1024x576.jpg"},"thumbnail":{"file":"Die-Pazifistin-Franziska-Spurensuche-150x150.jpg","width":150,"height":150,"mime-type":"image\/jpeg","source_url":"https:\/\/firsthandfilms.ch\/wp-content\/uploads\/2020\/12\/Die-Pazifistin-Franziska-Spurensuche-150x150.jpg"},"medium_large":{"file":"Die-Pazifistin-Franziska-Spurensuche-768x432.jpg","width":768,"height":432,"mime-type":"image\/jpeg","source_url":"https:\/\/firsthandfilms.ch\/wp-content\/uploads\/2020\/12\/Die-Pazifistin-Franziska-Spurensuche-768x432.jpg"},"1536x1536":{"file":"Die-Pazifistin-Franziska-Spurensuche-1536x864.jpg","width":1536,"height":864,"mime-type":"image\/jpeg","source_url":"https:\/\/firsthandfilms.ch\/wp-content\/uploads\/2020\/12\/Die-Pazifistin-Franziska-Spurensuche-1536x864.jpg"},"blog-header":{"file":"Die-Pazifistin-Franziska-Spurensuche-900x300.jpg","width":900,"height":300,"mime-type":"image\/jpeg","source_url":"https:\/\/firsthandfilms.ch\/wp-content\/uploads\/2020\/12\/Die-Pazifistin-Franziska-Spurensuche-900x300.jpg"},"portfolio-thumbnail":{"file":"Die-Pazifistin-Franziska-Spurensuche-560x450.jpg","width":560,"height":450,"mime-type":"image\/jpeg","source_url":"https:\/\/firsthandfilms.ch\/wp-content\/uploads\/2020\/12\/Die-Pazifistin-Franziska-Spurensuche-560x450.jpg"},"blog-thumbnail":{"file":"Die-Pazifistin-Franziska-Spurensuche-480x300.jpg","width":480,"height":300,"mime-type":"image\/jpeg","source_url":"https:\/\/firsthandfilms.ch\/wp-content\/uploads\/2020\/12\/Die-Pazifistin-Franziska-Spurensuche-480x300.jpg"},"team-thumbnail":{"file":"Die-Pazifistin-Franziska-Spurensuche-380x380.jpg","width":380,"height":380,"mime-type":"image\/jpeg","source_url":"https:\/\/firsthandfilms.ch\/wp-content\/uploads\/2020\/12\/Die-Pazifistin-Franziska-Spurensuche-380x380.jpg"},"wp_social_preview_default":{"file":"Die-Pazifistin-Franziska-Spurensuche-1200x630.jpg","width":1200,"height":630,"mime-type":"image\/jpeg","source_url":"https:\/\/firsthandfilms.ch\/wp-content\/uploads\/2020\/12\/Die-Pazifistin-Franziska-Spurensuche-1200x630.jpg"},"wp_social_preview_twitter":{"file":"Die-Pazifistin-Franziska-Spurensuche-1200x600.jpg","width":1200,"height":600,"mime-type":"image\/jpeg","source_url":"https:\/\/firsthandfilms.ch\/wp-content\/uploads\/2020\/12\/Die-Pazifistin-Franziska-Spurensuche-1200x600.jpg"},"wp_social_preview_twitter_square":{"file":"Die-Pazifistin-Franziska-Spurensuche-600x600.jpg","width":600,"height":600,"mime-type":"image\/jpeg","source_url":"https:\/\/firsthandfilms.ch\/wp-content\/uploads\/2020\/12\/Die-Pazifistin-Franziska-Spurensuche-600x600.jpg"}}},"alt_text":"","url":"","target":""}]]}},"_links":{"self":[{"href":"https:\/\/firsthandfilms.ch\/fr\/wp-json\/wp\/v2\/posts\/2394","targetHints":{"allow":["GET"]}}],"collection":[{"href":"https:\/\/firsthandfilms.ch\/fr\/wp-json\/wp\/v2\/posts"}],"about":[{"href":"https:\/\/firsthandfilms.ch\/fr\/wp-json\/wp\/v2\/types\/post"}],"author":[{"embeddable":true,"href":"https:\/\/firsthandfilms.ch\/fr\/wp-json\/wp\/v2\/users\/2"}],"replies":[{"embeddable":true,"href":"https:\/\/firsthandfilms.ch\/fr\/wp-json\/wp\/v2\/comments?post=2394"}],"version-history":[{"count":51,"href":"https:\/\/firsthandfilms.ch\/fr\/wp-json\/wp\/v2\/posts\/2394\/revisions"}],"predecessor-version":[{"id":3848,"href":"https:\/\/firsthandfilms.ch\/fr\/wp-json\/wp\/v2\/posts\/2394\/revisions\/3848"}],"wp:featuredmedia":[{"embeddable":true,"href":"https:\/\/firsthandfilms.ch\/fr\/wp-json\/wp\/v2\/media\/2446"}],"wp:attachment":[{"href":"https:\/\/firsthandfilms.ch\/fr\/wp-json\/wp\/v2\/media?parent=2394"}],"wp:term":[{"taxonomy":"category","embeddable":true,"href":"https:\/\/firsthandfilms.ch\/fr\/wp-json\/wp\/v2\/categories?post=2394"},{"taxonomy":"post_tag","embeddable":true,"href":"https:\/\/firsthandfilms.ch\/fr\/wp-json\/wp\/v2\/tags?post=2394"}],"curies":[{"name":"wp","href":"https:\/\/api.w.org\/{rel}","templated":true}]}}